{"id":8276,"date":"2026-09-04T10:13:29","date_gmt":"2026-09-04T10:13:29","guid":{"rendered":"https:\/\/biblioteka.czerniceborowe.pl\/?p=8276"},"modified":"2026-09-04T10:13:29","modified_gmt":"2026-09-04T10:13:29","slug":"narodowe-czytanie-2026-dziady-adama-mickiewicza","status":"publish","type":"post","link":"https:\/\/biblioteka.czerniceborowe.pl\/?p=8276","title":{"rendered":"Narodowe Czytanie 2026 \u2013 \u201eDziady\u201d Adama Mickiewicza"},"content":{"rendered":"<p class=\"isSelectedEnd\" style=\"text-align: justify;\"><a href=\"https:\/\/biblioteka.czerniceborowe.pl\/wp-content\/uploads\/NC_2026_plakat.pdf-scaled.jpg\" rel=\"lightbox[8276]\"><img loading=\"lazy\" class=\"alignleft wp-image-8277 size-medium\" src=\"https:\/\/biblioteka.czerniceborowe.pl\/wp-content\/uploads\/NC_2026_plakat.pdf-213x300.jpg\" alt=\"Grafika prezentuj\u0105ca zaproszenie na Narodowe Czytanie &quot;Dziad\u00f3w&quot; Adama Mickiewicza, kt\u00f3re odb\u0119dzie si\u0119 9 wrze\u015bnia 2026 r. w Gminnej Bibliotece Publicznej w Czernicach Borowych.\" width=\"213\" height=\"300\" srcset=\"https:\/\/biblioteka.czerniceborowe.pl\/wp-content\/uploads\/NC_2026_plakat.pdf-213x300.jpg 213w, https:\/\/biblioteka.czerniceborowe.pl\/wp-content\/uploads\/NC_2026_plakat.pdf-726x1024.jpg 726w, https:\/\/biblioteka.czerniceborowe.pl\/wp-content\/uploads\/NC_2026_plakat.pdf-768x1083.jpg 768w, https:\/\/biblioteka.czerniceborowe.pl\/wp-content\/uploads\/NC_2026_plakat.pdf-1090x1536.jpg 1090w, https:\/\/biblioteka.czerniceborowe.pl\/wp-content\/uploads\/NC_2026_plakat.pdf-1453x2048.jpg 1453w, https:\/\/biblioteka.czerniceborowe.pl\/wp-content\/uploads\/NC_2026_plakat.pdf-scaled.jpg 1816w\" sizes=\"(max-width: 213px) 100vw, 213px\" \/><\/a>Ju\u017c <strong>9 wrze\u015bnia<\/strong> <strong>2026 r.<\/strong> wsp\u00f3lnie ze Szko\u0142\u0105 Podstawow\u0105 im. Janiny Sieklickiej w Czernicach Borowych zapraszamy na wyj\u0105tkowe spotkanie z literatur\u0105 w ramach pi\u0119tnastej ods\u0142ony Narodowego Czytania.<\/p>\n<p class=\"isSelectedEnd\" style=\"text-align: justify;\">W tym roku si\u0119gamy po jedno z najwa\u017cniejszych dzie\u0142 polskiej literatury, a mianowicie <strong>\u201eDziady\u201d Adama Mickiewicza<\/strong>. Wsp\u00f3lnie przeczytamy II cz\u0119\u015b\u0107 &#8211;\u00a0niezwyk\u0142y utw\u00f3r pe\u0142en tajemnic, symboli i ludowych wierze\u0144.<\/p>\n<p class=\"isSelectedEnd\" style=\"text-align: justify;\">Zapraszamy dzieci, m\u0142odzie\u017c, doros\u0142ych oraz wszystkich ch\u0119tnych do wsp\u00f3lnego czytania i prze\u017cywania niezwyk\u0142ej atmosfery tego dzie\u0142a.<\/p>\n<p class=\"isSelectedEnd\" style=\"text-align: justify;\"><strong>Mamy r\u00f3wnie\u017c ma\u0142\u0105 pami\u0105tk\u0119 dla uczestnik\u00f3w! <\/strong>Ka\u017cdy, kto przyniesie ze sob\u0105 w\u0142asny egzemplarz \u201eDziad\u00f3w\u201d, b\u0119dzie m\u00f3g\u0142 otrzyma\u0107 w swojej ksi\u0105\u017cce pami\u0105tkow\u0105 piecz\u0119\u0107 Narodowego Czytania. Uczni\u00f3w zach\u0119camy te\u017c, aby zabrali ze sob\u0105 zeszyty do j\u0119zyka polskiego \u2013 w nich tak\u017ce b\u0119dzie mo\u017cna otrzyma\u0107 pami\u0105tkow\u0105 piecz\u0119\u0107 z wydarzenia!<\/p>\n<p class=\"isSelectedEnd\" style=\"text-align: justify;\"><strong>Data: 9 wrze\u015bnia 2026 r.<\/strong><\/p>\n<p class=\"isSelectedEnd\" style=\"text-align: justify;\"><strong>Godzina: 9:00<\/strong><\/p>\n<p class=\"isSelectedEnd\" style=\"text-align: justify;\"><strong>Miejsce: <\/strong><strong>Gminna Biblioteka Publiczna w Czernicach Borowych<\/strong><\/p>\n<p style=\"text-align: justify;\">Przyjd\u017acie, pos\u0142uchajcie i czytajcie razem z nami!<\/p>\n","protected":false},"excerpt":{"rendered":"<p>Ju\u017c 9 wrze\u015bnia 2026 r. wsp\u00f3lnie ze Szko\u0142\u0105 Podstawow\u0105 im. Janiny Sieklickiej w Czernicach Borowych zapraszamy na wyj\u0105tkowe spotkanie z literatur\u0105 w ramach pi\u0119tnastej ods\u0142ony Narodowego Czytania. W tym roku si\u0119gamy po jedno z najwa\u017cniejszych dzie\u0142 polskiej literatury, a mianowicie \u201eDziady\u201d Adama Mickiewicza. Wsp\u00f3lnie przeczytamy II cz\u0119\u015b\u0107 &#8211;\u00a0niezwyk\u0142y utw\u00f3r pe\u0142en tajemnic, symboli i ludowych wierze\u0144. [&hellip;]<\/p>\n","protected":false},"author":884,"featured_media":0,"comment_status":"open","ping_status":"open","sticky":false,"template":"","format":"standard","meta":[],"categories":[40],"tags":[],"_links":{"self":[{"href":"https:\/\/biblioteka.czerniceborowe.pl\/index.php?rest_route=\/wp\/v2\/posts\/8276"}],"collection":[{"href":"https:\/\/biblioteka.czerniceborowe.pl\/index.php?rest_route=\/wp\/v2\/posts"}],"about":[{"href":"https:\/\/biblioteka.czerniceborowe.pl\/index.php?rest_route=\/wp\/v2\/types\/post"}],"author":[{"embeddable":true,"href":"https:\/\/biblioteka.czerniceborowe.pl\/index.php?rest_route=\/wp\/v2\/users\/884"}],"replies":[{"embeddable":true,"href":"https:\/\/biblioteka.czerniceborowe.pl\/index.php?rest_route=%2Fwp%2Fv2%2Fcomments&post=8276"}],"version-history":[{"count":12,"href":"https:\/\/biblioteka.czerniceborowe.pl\/index.php?rest_route=\/wp\/v2\/posts\/8276\/revisions"}],"predecessor-version":[{"id":8289,"href":"https:\/\/biblioteka.czerniceborowe.pl\/index.php?rest_route=\/wp\/v2\/posts\/8276\/revisions\/8289"}],"wp:attachment":[{"href":"https:\/\/biblioteka.czerniceborowe.pl\/index.php?rest_route=%2Fwp%2Fv2%2Fmedia&parent=8276"}],"wp:term":[{"taxonomy":"category","embeddable":true,"href":"https:\/\/biblioteka.czerniceborowe.pl\/index.php?rest_route=%2Fwp%2Fv2%2Fcategories&post=8276"},{"taxonomy":"post_tag","embeddable":true,"href":"https:\/\/biblioteka.czerniceborowe.pl\/index.php?rest_route=%2Fwp%2Fv2%2Ftags&post=8276"}],"curies":[{"name":"wp","href":"https:\/\/api.w.org\/{rel}","templated":true}]}}