{"id":8260,"date":"2026-09-03T07:23:49","date_gmt":"2026-09-03T07:23:49","guid":{"rendered":"https:\/\/biblioteka.czerniceborowe.pl\/?p=8260"},"modified":"2026-09-03T07:23:49","modified_gmt":"2026-09-03T07:23:49","slug":"wakacje-za-nami-wracamy-do-stalych-godzin-pracy-biblioteki","status":"publish","type":"post","link":"https:\/\/biblioteka.czerniceborowe.pl\/?p=8260","title":{"rendered":"Wakacje za nami \u2013 wracamy do sta\u0142ych godzin pracy Biblioteki"},"content":{"rendered":"<p class=\"isSelectedEnd\" style=\"text-align: justify;\"><a href=\"https:\/\/biblioteka.czerniceborowe.pl\/wp-content\/uploads\/Stale-godziny-otwarcia.jpg\" rel=\"lightbox[8260]\"><img loading=\"lazy\" class=\"alignleft size-medium wp-image-8262\" src=\"https:\/\/biblioteka.czerniceborowe.pl\/wp-content\/uploads\/Stale-godziny-otwarcia-300x213.jpg\" alt=\"\" width=\"300\" height=\"213\" srcset=\"https:\/\/biblioteka.czerniceborowe.pl\/wp-content\/uploads\/Stale-godziny-otwarcia-300x213.jpg 300w, https:\/\/biblioteka.czerniceborowe.pl\/wp-content\/uploads\/Stale-godziny-otwarcia-1024x726.jpg 1024w, https:\/\/biblioteka.czerniceborowe.pl\/wp-content\/uploads\/Stale-godziny-otwarcia-768x545.jpg 768w, https:\/\/biblioteka.czerniceborowe.pl\/wp-content\/uploads\/Stale-godziny-otwarcia-1536x1090.jpg 1536w, https:\/\/biblioteka.czerniceborowe.pl\/wp-content\/uploads\/Stale-godziny-otwarcia.jpg 1748w\" sizes=\"(max-width: 300px) 100vw, 300px\" \/><\/a>Informujemy, \u017ce wraz z <strong>zako\u0144czeniem wakacji<\/strong> Gminna Biblioteka Publiczna w Czernicach Borowych powr\u00f3ci\u0142a do swoich <strong>sta\u0142ych godzin pracy<\/strong>.<\/p>\n<p class=\"isSelectedEnd\" style=\"text-align: justify;\">Od <strong>1 wrze\u015bnia 2026 r.<\/strong> Biblioteka jest czynna:<\/p>\n<p class=\"isSelectedEnd\" style=\"text-align: justify;\"><strong>Poniedzia\u0142ek \u2013 pi\u0105tek: 8:00\u201316:00.<\/strong><\/p>\n<p class=\"isSelectedEnd\" style=\"text-align: justify;\">Jednocze\u015bnie informujemy, \u017ce ju\u017c wkr\u00f3tce opublikujemy <strong>harmonogram wybranych pracuj\u0105cych sob\u00f3t<\/strong>.<\/p>\n<p class=\"isSelectedEnd\" style=\"text-align: justify;\">Zapraszamy do Biblioteki i zach\u0119camy do korzystania z naszych zbior\u00f3w!<\/p>\n<p style=\"text-align: justify;\"><strong>Do zobaczenia!<\/strong><\/p>\n","protected":false},"excerpt":{"rendered":"<p>Informujemy, \u017ce wraz z zako\u0144czeniem wakacji Gminna Biblioteka Publiczna w Czernicach Borowych powr\u00f3ci\u0142a do swoich sta\u0142ych godzin pracy. Od 1 wrze\u015bnia 2026 r. Biblioteka jest czynna: Poniedzia\u0142ek \u2013 pi\u0105tek: 8:00\u201316:00. Jednocze\u015bnie informujemy, \u017ce ju\u017c wkr\u00f3tce opublikujemy harmonogram wybranych pracuj\u0105cych sob\u00f3t. Zapraszamy do Biblioteki i zach\u0119camy do korzystania z naszych zbior\u00f3w! Do zobaczenia!<\/p>\n","protected":false},"author":884,"featured_media":0,"comment_status":"open","ping_status":"open","sticky":false,"template":"","format":"standard","meta":[],"categories":[1],"tags":[],"_links":{"self":[{"href":"https:\/\/biblioteka.czerniceborowe.pl\/index.php?rest_route=\/wp\/v2\/posts\/8260"}],"collection":[{"href":"https:\/\/biblioteka.czerniceborowe.pl\/index.php?rest_route=\/wp\/v2\/posts"}],"about":[{"href":"https:\/\/biblioteka.czerniceborowe.pl\/index.php?rest_route=\/wp\/v2\/types\/post"}],"author":[{"embeddable":true,"href":"https:\/\/biblioteka.czerniceborowe.pl\/index.php?rest_route=\/wp\/v2\/users\/884"}],"replies":[{"embeddable":true,"href":"https:\/\/biblioteka.czerniceborowe.pl\/index.php?rest_route=%2Fwp%2Fv2%2Fcomments&post=8260"}],"version-history":[{"count":2,"href":"https:\/\/biblioteka.czerniceborowe.pl\/index.php?rest_route=\/wp\/v2\/posts\/8260\/revisions"}],"predecessor-version":[{"id":8263,"href":"https:\/\/biblioteka.czerniceborowe.pl\/index.php?rest_route=\/wp\/v2\/posts\/8260\/revisions\/8263"}],"wp:attachment":[{"href":"https:\/\/biblioteka.czerniceborowe.pl\/index.php?rest_route=%2Fwp%2Fv2%2Fmedia&parent=8260"}],"wp:term":[{"taxonomy":"category","embeddable":true,"href":"https:\/\/biblioteka.czerniceborowe.pl\/index.php?rest_route=%2Fwp%2Fv2%2Fcategories&post=8260"},{"taxonomy":"post_tag","embeddable":true,"href":"https:\/\/biblioteka.czerniceborowe.pl\/index.php?rest_route=%2Fwp%2Fv2%2Ftags&post=8260"}],"curies":[{"name":"wp","href":"https:\/\/api.w.org\/{rel}","templated":true}]}}