{"id":7990,"date":"2026-04-30T13:41:32","date_gmt":"2026-04-30T13:41:32","guid":{"rendered":"https:\/\/biblioteka.czerniceborowe.pl\/?p=7990"},"modified":"2026-04-30T13:41:32","modified_gmt":"2026-04-30T13:41:32","slug":"swiatowy-dzien-ksiazki-i-praw-autorskich-w-naszej-bibliotece-23-kwietnia-2026-r","status":"publish","type":"post","link":"https:\/\/biblioteka.czerniceborowe.pl\/?p=7990","title":{"rendered":"\u015awiatowy Dzie\u0144 Ksi\u0105\u017cki i Praw Autorskich w naszej bibliotece \u2013 23 kwietnia 2026 r."},"content":{"rendered":"<p style=\"text-align: justify;\" data-start=\"193\" data-end=\"448\"><a href=\"https:\/\/biblioteka.czerniceborowe.pl\/wp-content\/uploads\/IMG_20260423_110839-scaled.jpg\" rel=\"lightbox[7990]\"><img loading=\"lazy\" class=\"alignleft wp-image-7991 size-medium\" src=\"https:\/\/biblioteka.czerniceborowe.pl\/wp-content\/uploads\/IMG_20260423_110839-225x300.jpg\" alt=\"\u015awiatowy Dzie\u0144 Ksi\u0105\u017cki i Praw Autorskich w naszej bibliotece \u2013 23 kwietnia 2026 r.\" width=\"225\" height=\"300\" srcset=\"https:\/\/biblioteka.czerniceborowe.pl\/wp-content\/uploads\/IMG_20260423_110839-225x300.jpg 225w, https:\/\/biblioteka.czerniceborowe.pl\/wp-content\/uploads\/IMG_20260423_110839-768x1024.jpg 768w, https:\/\/biblioteka.czerniceborowe.pl\/wp-content\/uploads\/IMG_20260423_110839-1152x1536.jpg 1152w, https:\/\/biblioteka.czerniceborowe.pl\/wp-content\/uploads\/IMG_20260423_110839-1536x2048.jpg 1536w, https:\/\/biblioteka.czerniceborowe.pl\/wp-content\/uploads\/IMG_20260423_110839-scaled.jpg 1920w\" sizes=\"(max-width: 225px) 100vw, 225px\" \/><\/a>23 kwietnia 2026 r. nasza biblioteka zamieni\u0142a si\u0119 w prawdziwie magiczne miejsce. Z okazji \u015awiatowego Dnia Ksi\u0105\u017cki i Praw Autorskich go\u015bcili\u015bmy wyj\u0105tkowych odkrywc\u00f3w \u2013 grup\u0119 sze\u015bciolatk\u00f3w ze Szko\u0142y Podstawowej im. Janiny Sieklickiej w Czernicach Borowych.<\/p>\n<p style=\"text-align: justify;\" data-start=\"450\" data-end=\"835\">Spotkanie rozpocz\u0119\u0142o si\u0119 od niezwyk\u0142ego wprowadzenia \u2013 dzieci us\u0142ysza\u0142y tajemniczy list z Krainy Ksi\u0105\u017cek. W ciszy biblioteki rozbrzmia\u0142a opowie\u015b\u0107 o zaginionej historii i bohaterze, kt\u00f3ry nie pami\u0119ta\u0142, kim jest. Czy by\u0142 smokiem, rycerzem, a mo\u017ce kim\u015b zupe\u0142nie innym? Od tej chwili dzieci sta\u0142y si\u0119 oficjalnymi odkrywcami \u015bwiata ksi\u0105\u017cek i otrzyma\u0142y bilety wst\u0119pu do magicznej biblioteki.<\/p>\n<p style=\"text-align: justify;\" data-start=\"837\" data-end=\"1210\">Kolejnym etapem by\u0142a pe\u0142na emocji gra \u201eTropy\u201d. Dzieci, podzielone na trzy grupy, poszukiwa\u0142y ukrytych element\u00f3w znanych bajek: Kopciuszka, Czerwonego Kapturka i Kr\u00f3lewny \u015anie\u017cki. Po odnalezieniu wszystkich wskaz\u00f3wek wsp\u00f3lnie zdecydowa\u0142y, kt\u00f3r\u0105 histori\u0119 chc\u0105 pozna\u0107 bli\u017cej. W nastrojowej atmosferze \u2013 przy zgaszonym \u015bwietle i latarce \u2013 wys\u0142ucha\u0142y bajki o Czerwonym Kapturku.<!--more--><\/p>\n<p style=\"text-align: justify;\" data-start=\"1212\" data-end=\"1383\">Nie zabrak\u0142o r\u00f3wnie\u017c ruchu i zabawy! Dzieci wzi\u0119\u0142y udzia\u0142 w opowie\u015bci ruchowej \u201eIdziemy przez las\u2026\u201d, na\u015bladuj\u0105c odg\u0142osy i ruchy zwierz\u0105t oraz prze\u017cywaj\u0105c wsp\u00f3ln\u0105 przygod\u0119.<\/p>\n<p style=\"text-align: justify;\" data-start=\"1385\" data-end=\"1588\">Ogromn\u0105 rado\u015b\u0107 sprawi\u0142o tak\u017ce wsp\u00f3lne tworzenie bajki. Historia o smoku, kt\u00f3ry zgubi\u0142 plecak w lesie, rozwija\u0142a si\u0119 dzi\u0119ki niezwyk\u0142ej wyobra\u017ani uczestnik\u00f3w i pokaza\u0142a, \u017ce ka\u017cdy mo\u017ce by\u0107 tw\u00f3rc\u0105 opowie\u015bci.<\/p>\n<p style=\"text-align: justify;\" data-start=\"1590\" data-end=\"1745\">Jednym z najbardziej radosnych moment\u00f3w by\u0142a zabawa z \u201emagicznym py\u0142em ksi\u0105\u017cek\u201d, podczas kt\u00f3rej dzieci mog\u0142y zanurzy\u0107 si\u0119 w kolorowej, bajkowej atmosferze.<\/p>\n<p style=\"text-align: justify;\" data-start=\"1747\" data-end=\"2008\">Na zako\u0144czenie odby\u0142a si\u0119 wyj\u0105tkowa ceremonia \u2013 adopcja ksi\u0105\u017cki. Ka\u017cde dziecko otrzyma\u0142o swoj\u0105 mini ksi\u0105\u017ck\u0119, imienn\u0105 kart\u0119 opiekuna oraz naklejki. Wszyscy wsp\u00f3lnie z\u0142o\u017cyli uroczyst\u0105 przysi\u0119g\u0119:<br \/>\n\u201eB\u0119d\u0119 dba\u0107 o ksi\u0105\u017ck\u0119!<br data-start=\"1961\" data-end=\"1964\" \/>B\u0119d\u0119 j\u0105 czyta\u0107!<br data-start=\"1979\" data-end=\"1982\" \/>B\u0119dzie u mnie bezpieczna!\u201d<\/p>\n<p style=\"text-align: justify;\" data-start=\"2010\" data-end=\"2131\">To by\u0142 dzie\u0144 pe\u0142en u\u015bmiechu, wyobra\u017ani i magii, kt\u00f3ry pokaza\u0142, \u017ce ksi\u0105\u017cki naprawd\u0119 \u017cyj\u0105 \u2013 wystarczy tylko po nie si\u0119gn\u0105\u0107.<\/p>\n\n\t\t<style type=\"text\/css\">\n\t\t\t#gallery-1 {\n\t\t\t\tmargin: auto;\n\t\t\t}\n\t\t\t#gallery-1 .gallery-item {\n\t\t\t\tfloat: left;\n\t\t\t\tmargin-top: 10px;\n\t\t\t\ttext-align: center;\n\t\t\t\twidth: 33%;\n\t\t\t}\n\t\t\t#gallery-1 img {\n\t\t\t\tborder: 2px solid #cfcfcf;\n\t\t\t}\n\t\t\t#gallery-1 .gallery-caption {\n\t\t\t\tmargin-left: 0;\n\t\t\t}\n\t\t\t\/* see gallery_shortcode() in wp-includes\/media.php *\/\n\t\t<\/style>\n\t\t<div id='gallery-1' class='gallery galleryid-7990 gallery-columns-3 gallery-size-thumbnail'><dl class='gallery-item'>\n\t\t\t<dt class='gallery-icon landscape'>\n\t\t\t\t<a href='https:\/\/biblioteka.czerniceborowe.pl\/wp-content\/uploads\/IMG_20260423_112738-scaled.jpg' rel=\"lightbox[7990]\"><img width=\"150\" height=\"150\" src=\"https:\/\/biblioteka.czerniceborowe.pl\/wp-content\/uploads\/IMG_20260423_112738-150x150.jpg\" class=\"attachment-thumbnail size-thumbnail\" alt=\"\u015awiatowy Dzie\u0144 Ksi\u0105\u017cki i Praw Autorskich w naszej bibliotece \u2013 23 kwietnia 2026 r.\" loading=\"lazy\" \/><\/a>\n\t\t\t<\/dt><\/dl><dl class='gallery-item'>\n\t\t\t<dt class='gallery-icon portrait'>\n\t\t\t\t<a href='https:\/\/biblioteka.czerniceborowe.pl\/wp-content\/uploads\/IMG_20260423_112440-scaled.jpg' rel=\"lightbox[7990]\"><img width=\"150\" height=\"150\" src=\"https:\/\/biblioteka.czerniceborowe.pl\/wp-content\/uploads\/IMG_20260423_112440-150x150.jpg\" class=\"attachment-thumbnail size-thumbnail\" alt=\"\u015awiatowy Dzie\u0144 Ksi\u0105\u017cki i Praw Autorskich w naszej bibliotece \u2013 23 kwietnia 2026 r.\" loading=\"lazy\" \/><\/a>\n\t\t\t<\/dt><\/dl><dl class='gallery-item'>\n\t\t\t<dt class='gallery-icon portrait'>\n\t\t\t\t<a href='https:\/\/biblioteka.czerniceborowe.pl\/wp-content\/uploads\/IMG_20260423_110839-1-scaled.jpg' rel=\"lightbox[7990]\"><img width=\"150\" height=\"150\" src=\"https:\/\/biblioteka.czerniceborowe.pl\/wp-content\/uploads\/IMG_20260423_110839-1-150x150.jpg\" class=\"attachment-thumbnail size-thumbnail\" alt=\"\u015awiatowy Dzie\u0144 Ksi\u0105\u017cki i Praw Autorskich w naszej bibliotece \u2013 23 kwietnia 2026 r.\" loading=\"lazy\" \/><\/a>\n\t\t\t<\/dt><\/dl><br style=\"clear: both\" \/><dl class='gallery-item'>\n\t\t\t<dt class='gallery-icon portrait'>\n\t\t\t\t<a href='https:\/\/biblioteka.czerniceborowe.pl\/wp-content\/uploads\/IMG_20260423_111800-scaled.jpg' rel=\"lightbox[7990]\"><img width=\"150\" height=\"150\" src=\"https:\/\/biblioteka.czerniceborowe.pl\/wp-content\/uploads\/IMG_20260423_111800-150x150.jpg\" class=\"attachment-thumbnail size-thumbnail\" alt=\"\u015awiatowy Dzie\u0144 Ksi\u0105\u017cki i Praw Autorskich w naszej bibliotece \u2013 23 kwietnia 2026 r.\" loading=\"lazy\" \/><\/a>\n\t\t\t<\/dt><\/dl><dl class='gallery-item'>\n\t\t\t<dt class='gallery-icon portrait'>\n\t\t\t\t<a href='https:\/\/biblioteka.czerniceborowe.pl\/wp-content\/uploads\/IMG_20260423_110152-scaled.jpg' rel=\"lightbox[7990]\"><img width=\"150\" height=\"150\" src=\"https:\/\/biblioteka.czerniceborowe.pl\/wp-content\/uploads\/IMG_20260423_110152-150x150.jpg\" class=\"attachment-thumbnail size-thumbnail\" alt=\"\u015awiatowy Dzie\u0144 Ksi\u0105\u017cki i Praw Autorskich w naszej bibliotece \u2013 23 kwietnia 2026 r.\" loading=\"lazy\" \/><\/a>\n\t\t\t<\/dt><\/dl><dl class='gallery-item'>\n\t\t\t<dt class='gallery-icon portrait'>\n\t\t\t\t<a href='https:\/\/biblioteka.czerniceborowe.pl\/wp-content\/uploads\/IMG_20260423_110841-scaled.jpg' rel=\"lightbox[7990]\"><img width=\"150\" height=\"150\" src=\"https:\/\/biblioteka.czerniceborowe.pl\/wp-content\/uploads\/IMG_20260423_110841-150x150.jpg\" class=\"attachment-thumbnail size-thumbnail\" alt=\"\u015awiatowy Dzie\u0144 Ksi\u0105\u017cki i Praw Autorskich w naszej bibliotece \u2013 23 kwietnia 2026 r.\" loading=\"lazy\" \/><\/a>\n\t\t\t<\/dt><\/dl><br style=\"clear: both\" \/><dl class='gallery-item'>\n\t\t\t<dt class='gallery-icon portrait'>\n\t\t\t\t<a href='https:\/\/biblioteka.czerniceborowe.pl\/wp-content\/uploads\/IMG_20260423_105902-scaled.jpg' rel=\"lightbox[7990]\"><img width=\"150\" height=\"150\" src=\"https:\/\/biblioteka.czerniceborowe.pl\/wp-content\/uploads\/IMG_20260423_105902-150x150.jpg\" class=\"attachment-thumbnail size-thumbnail\" alt=\"\u015awiatowy Dzie\u0144 Ksi\u0105\u017cki i Praw Autorskich w naszej bibliotece \u2013 23 kwietnia 2026 r.\" loading=\"lazy\" \/><\/a>\n\t\t\t<\/dt><\/dl><dl class='gallery-item'>\n\t\t\t<dt class='gallery-icon portrait'>\n\t\t\t\t<a href='https:\/\/biblioteka.czerniceborowe.pl\/wp-content\/uploads\/IMG_20260423_105814-scaled.jpg' rel=\"lightbox[7990]\"><img width=\"150\" height=\"150\" src=\"https:\/\/biblioteka.czerniceborowe.pl\/wp-content\/uploads\/IMG_20260423_105814-150x150.jpg\" class=\"attachment-thumbnail size-thumbnail\" alt=\"\u015awiatowy Dzie\u0144 Ksi\u0105\u017cki i Praw Autorskich w naszej bibliotece \u2013 23 kwietnia 2026 r.\" loading=\"lazy\" \/><\/a>\n\t\t\t<\/dt><\/dl><dl class='gallery-item'>\n\t\t\t<dt class='gallery-icon portrait'>\n\t\t\t\t<a href='https:\/\/biblioteka.czerniceborowe.pl\/wp-content\/uploads\/IMG_20260423_105731-scaled.jpg' rel=\"lightbox[7990]\"><img width=\"150\" height=\"150\" src=\"https:\/\/biblioteka.czerniceborowe.pl\/wp-content\/uploads\/IMG_20260423_105731-150x150.jpg\" class=\"attachment-thumbnail size-thumbnail\" alt=\"\u015awiatowy Dzie\u0144 Ksi\u0105\u017cki i Praw Autorskich w naszej bibliotece \u2013 23 kwietnia 2026 r.\" loading=\"lazy\" \/><\/a>\n\t\t\t<\/dt><\/dl><br style=\"clear: both\" \/><dl class='gallery-item'>\n\t\t\t<dt class='gallery-icon portrait'>\n\t\t\t\t<a href='https:\/\/biblioteka.czerniceborowe.pl\/wp-content\/uploads\/IMG_20260423_105656-scaled.jpg' rel=\"lightbox[7990]\"><img width=\"150\" height=\"150\" src=\"https:\/\/biblioteka.czerniceborowe.pl\/wp-content\/uploads\/IMG_20260423_105656-150x150.jpg\" class=\"attachment-thumbnail size-thumbnail\" alt=\"\u015awiatowy Dzie\u0144 Ksi\u0105\u017cki i Praw Autorskich w naszej bibliotece \u2013 23 kwietnia 2026 r.\" loading=\"lazy\" \/><\/a>\n\t\t\t<\/dt><\/dl><dl class='gallery-item'>\n\t\t\t<dt class='gallery-icon landscape'>\n\t\t\t\t<a href='https:\/\/biblioteka.czerniceborowe.pl\/wp-content\/uploads\/IMG_20260423_105231-scaled.jpg' rel=\"lightbox[7990]\"><img width=\"150\" height=\"150\" src=\"https:\/\/biblioteka.czerniceborowe.pl\/wp-content\/uploads\/IMG_20260423_105231-150x150.jpg\" class=\"attachment-thumbnail size-thumbnail\" alt=\"\u015awiatowy Dzie\u0144 Ksi\u0105\u017cki i Praw Autorskich w naszej bibliotece \u2013 23 kwietnia 2026 r.\" loading=\"lazy\" \/><\/a>\n\t\t\t<\/dt><\/dl><dl class='gallery-item'>\n\t\t\t<dt class='gallery-icon portrait'>\n\t\t\t\t<a href='https:\/\/biblioteka.czerniceborowe.pl\/wp-content\/uploads\/IMG_20260423_104738-scaled.jpg' rel=\"lightbox[7990]\"><img width=\"150\" height=\"150\" src=\"https:\/\/biblioteka.czerniceborowe.pl\/wp-content\/uploads\/IMG_20260423_104738-150x150.jpg\" class=\"attachment-thumbnail size-thumbnail\" alt=\"\u015awiatowy Dzie\u0144 Ksi\u0105\u017cki i Praw Autorskich w naszej bibliotece \u2013 23 kwietnia 2026 r.\" loading=\"lazy\" \/><\/a>\n\t\t\t<\/dt><\/dl><br style=\"clear: both\" \/><dl class='gallery-item'>\n\t\t\t<dt class='gallery-icon portrait'>\n\t\t\t\t<a href='https:\/\/biblioteka.czerniceborowe.pl\/wp-content\/uploads\/IMG_20260423_104352-scaled.jpg' rel=\"lightbox[7990]\"><img width=\"150\" height=\"150\" src=\"https:\/\/biblioteka.czerniceborowe.pl\/wp-content\/uploads\/IMG_20260423_104352-150x150.jpg\" class=\"attachment-thumbnail size-thumbnail\" alt=\"\u015awiatowy Dzie\u0144 Ksi\u0105\u017cki i Praw Autorskich w naszej bibliotece \u2013 23 kwietnia 2026 r.\" loading=\"lazy\" \/><\/a>\n\t\t\t<\/dt><\/dl><dl class='gallery-item'>\n\t\t\t<dt class='gallery-icon portrait'>\n\t\t\t\t<a href='https:\/\/biblioteka.czerniceborowe.pl\/wp-content\/uploads\/IMG_20260423_104206-scaled.jpg' rel=\"lightbox[7990]\"><img width=\"150\" height=\"150\" src=\"https:\/\/biblioteka.czerniceborowe.pl\/wp-content\/uploads\/IMG_20260423_104206-150x150.jpg\" class=\"attachment-thumbnail size-thumbnail\" alt=\"\u015awiatowy Dzie\u0144 Ksi\u0105\u017cki i Praw Autorskich w naszej bibliotece \u2013 23 kwietnia 2026 r.\" loading=\"lazy\" \/><\/a>\n\t\t\t<\/dt><\/dl><dl class='gallery-item'>\n\t\t\t<dt class='gallery-icon portrait'>\n\t\t\t\t<a href='https:\/\/biblioteka.czerniceborowe.pl\/wp-content\/uploads\/IMG_20260423_104142-scaled.jpg' rel=\"lightbox[7990]\"><img width=\"150\" height=\"150\" src=\"https:\/\/biblioteka.czerniceborowe.pl\/wp-content\/uploads\/IMG_20260423_104142-150x150.jpg\" class=\"attachment-thumbnail size-thumbnail\" alt=\"\u015awiatowy Dzie\u0144 Ksi\u0105\u017cki i Praw Autorskich w naszej bibliotece \u2013 23 kwietnia 2026 r.\" loading=\"lazy\" \/><\/a>\n\t\t\t<\/dt><\/dl><br style=\"clear: both\" \/><dl class='gallery-item'>\n\t\t\t<dt class='gallery-icon landscape'>\n\t\t\t\t<a href='https:\/\/biblioteka.czerniceborowe.pl\/wp-content\/uploads\/IMG_20260423_103648-scaled.jpg' rel=\"lightbox[7990]\"><img width=\"150\" height=\"150\" src=\"https:\/\/biblioteka.czerniceborowe.pl\/wp-content\/uploads\/IMG_20260423_103648-150x150.jpg\" class=\"attachment-thumbnail size-thumbnail\" alt=\"\u015awiatowy Dzie\u0144 Ksi\u0105\u017cki i Praw Autorskich w naszej bibliotece \u2013 23 kwietnia 2026 r.\" loading=\"lazy\" \/><\/a>\n\t\t\t<\/dt><\/dl>\n\t\t\t<br style='clear: both' \/>\n\t\t<\/div>\n\n<p data-start=\"2010\" data-end=\"2131\">\n","protected":false},"excerpt":{"rendered":"<p>23 kwietnia 2026 r. nasza biblioteka zamieni\u0142a si\u0119 w prawdziwie magiczne miejsce. Z okazji \u015awiatowego Dnia Ksi\u0105\u017cki i Praw Autorskich go\u015bcili\u015bmy wyj\u0105tkowych odkrywc\u00f3w \u2013 grup\u0119 sze\u015bciolatk\u00f3w ze Szko\u0142y Podstawowej im. Janiny Sieklickiej w Czernicach Borowych. Spotkanie rozpocz\u0119\u0142o si\u0119 od niezwyk\u0142ego wprowadzenia \u2013 dzieci us\u0142ysza\u0142y tajemniczy list z Krainy Ksi\u0105\u017cek. W ciszy biblioteki rozbrzmia\u0142a opowie\u015b\u0107 o [&hellip;]<\/p>\n","protected":false},"author":884,"featured_media":0,"comment_status":"open","ping_status":"open","sticky":false,"template":"","format":"standard","meta":[],"categories":[40],"tags":[],"_links":{"self":[{"href":"https:\/\/biblioteka.czerniceborowe.pl\/index.php?rest_route=\/wp\/v2\/posts\/7990"}],"collection":[{"href":"https:\/\/biblioteka.czerniceborowe.pl\/index.php?rest_route=\/wp\/v2\/posts"}],"about":[{"href":"https:\/\/biblioteka.czerniceborowe.pl\/index.php?rest_route=\/wp\/v2\/types\/post"}],"author":[{"embeddable":true,"href":"https:\/\/biblioteka.czerniceborowe.pl\/index.php?rest_route=\/wp\/v2\/users\/884"}],"replies":[{"embeddable":true,"href":"https:\/\/biblioteka.czerniceborowe.pl\/index.php?rest_route=%2Fwp%2Fv2%2Fcomments&post=7990"}],"version-history":[{"count":3,"href":"https:\/\/biblioteka.czerniceborowe.pl\/index.php?rest_route=\/wp\/v2\/posts\/7990\/revisions"}],"predecessor-version":[{"id":8010,"href":"https:\/\/biblioteka.czerniceborowe.pl\/index.php?rest_route=\/wp\/v2\/posts\/7990\/revisions\/8010"}],"wp:attachment":[{"href":"https:\/\/biblioteka.czerniceborowe.pl\/index.php?rest_route=%2Fwp%2Fv2%2Fmedia&parent=7990"}],"wp:term":[{"taxonomy":"category","embeddable":true,"href":"https:\/\/biblioteka.czerniceborowe.pl\/index.php?rest_route=%2Fwp%2Fv2%2Fcategories&post=7990"},{"taxonomy":"post_tag","embeddable":true,"href":"https:\/\/biblioteka.czerniceborowe.pl\/index.php?rest_route=%2Fwp%2Fv2%2Ftags&post=7990"}],"curies":[{"name":"wp","href":"https:\/\/api.w.org\/{rel}","templated":true}]}}