{"id":2379,"date":"2017-09-20T09:05:49","date_gmt":"2017-09-20T09:05:49","guid":{"rendered":"http:\/\/biblioteka.czerniceborowe.pl\/?p=2379"},"modified":"2017-09-20T09:05:49","modified_gmt":"2017-09-20T09:05:49","slug":"wesele-w-bibliotece","status":"publish","type":"post","link":"https:\/\/biblioteka.czerniceborowe.pl\/?p=2379","title":{"rendered":"Wesele w Bibliotece"},"content":{"rendered":"<p style=\"text-align: justify;\">8\u00a0wrze\u015bnia 2017 r. w Gminnej Bibliotece Publicznej w Czernicach Borowych odby\u0142o si\u0119 Narodowe Czytanie. Tegoroczna edycja po\u015bwi\u0119cona by\u0142a dzie\u0142u <em>Wesele <\/em>Stanis\u0142awa Wyspia\u0144skiego \u2013 poety, dramatopisarza, malarza, inscenizatora, jednego z najgenialniejszych polskich artyst\u00f3w. Wydarzenie mia\u0142o dla nas szczeg\u00f3lny wymiar. Po raz pierwszy Narodowe Czytanie zorganizowali\u015bmy wsp\u00f3lnie z Bibliotek\u0105 Szko\u0142y Podstawowej im. Janiny Sieklickiej w Czernicach Borowych.<\/p>\n<p style=\"text-align: justify;\"><strong>Na \u201enasze Wesele\u201d licznie przybyli zaproszeni go\u015bcie. Za sto\u0142em weselnym zasiedli szanowni lektorzy: <\/strong><\/p>\n<p style=\"text-align: justify;\"><strong>KS. MICHA\u0141 GASZCZY\u0143SKI \u2013 PROBOSZCZ PARAFII CZERNICE BOROWE, PAN WOJCIECH BRZEZI\u0143SKI &#8211; W\u00d3JT GMINY CZERNICE BOROWE, PAN JACEK BARTO\u0141D &#8211; PRZEWODNICZ\u0104CY RADY GMINY CZERNICE BOROWE, UCZNIOWIE, NAUCZYCIELE. Wszystkim Pa\u0144stwu serdecznie dzi\u0119kujemy i nagradzamy gromkimi brawami. <\/strong><\/p>\n<p style=\"text-align: justify;\"><strong>Podzi\u0119kowania sk\u0142adamy r\u00f3wnie\u017c na r\u0119ce PANI MA\u0141GORZATY G\u00d3RALCZYK \u2013 DYREKTOR SZKO\u0141Y, kt\u00f3ra ca\u0142ym sercem wspiera\u0142a nasz\u0105 akcj\u0119.<\/strong><\/p>\n<p style=\"text-align: justify;\"><em>Wesele. Dramat w trzech aktach<\/em>, najs\u0142ynniejszy utw\u00f3r Stanis\u0142awa Wyspia\u0144skiego, powsta\u0142o na kanwie autentycznego wydarzenia \u2013 wesela poety i dramaturga Lucjana Rydla z Jadwig\u0105 Miko\u0142ajczyk\u00f3wn\u0105, ch\u0142opk\u0105 z podkrakowskich Bronowic. Prapremiera sztuki odby\u0142a si\u0119 16 marca 1901 roku w Teatrze Miejskim w Krakowie. W tym samym roku w Krakowie\u00a0<em>Wesele\u00a0<\/em>zosta\u0142o opublikowane po raz pierwszy. Dramat Wyspia\u0144skiego zosta\u0142 dotychczas przet\u0142umaczony na ponad 10 j\u0119zyk\u00f3w.\u00a0W j\u0119zyku polskim ukaza\u0142o si\u0119 ponad 120 wyda\u0144\u00a0<em>Wesela<\/em>.<\/p>\n\n\t\t<style type=\"text\/css\">\n\t\t\t#gallery-1 {\n\t\t\t\tmargin: auto;\n\t\t\t}\n\t\t\t#gallery-1 .gallery-item {\n\t\t\t\tfloat: left;\n\t\t\t\tmargin-top: 10px;\n\t\t\t\ttext-align: center;\n\t\t\t\twidth: 33%;\n\t\t\t}\n\t\t\t#gallery-1 img {\n\t\t\t\tborder: 2px solid #cfcfcf;\n\t\t\t}\n\t\t\t#gallery-1 .gallery-caption {\n\t\t\t\tmargin-left: 0;\n\t\t\t}\n\t\t\t\/* see gallery_shortcode() in wp-includes\/media.php *\/\n\t\t<\/style>\n\t\t<div id='gallery-1' class='gallery galleryid-2379 gallery-columns-3 gallery-size-thumbnail'><dl class='gallery-item'>\n\t\t\t<dt class='gallery-icon landscape'>\n\t\t\t\t<a href='https:\/\/biblioteka.czerniceborowe.pl\/wp-content\/uploads\/P1310852.jpg' rel=\"lightbox[2379]\"><img width=\"150\" height=\"150\" src=\"https:\/\/biblioteka.czerniceborowe.pl\/wp-content\/uploads\/P1310852-150x150.jpg\" class=\"attachment-thumbnail size-thumbnail\" alt=\"\" loading=\"lazy\" \/><\/a>\n\t\t\t<\/dt><\/dl><dl class='gallery-item'>\n\t\t\t<dt class='gallery-icon landscape'>\n\t\t\t\t<a href='https:\/\/biblioteka.czerniceborowe.pl\/wp-content\/uploads\/P1310858.jpg' rel=\"lightbox[2379]\"><img width=\"150\" height=\"150\" src=\"https:\/\/biblioteka.czerniceborowe.pl\/wp-content\/uploads\/P1310858-150x150.jpg\" class=\"attachment-thumbnail size-thumbnail\" alt=\"\" loading=\"lazy\" \/><\/a>\n\t\t\t<\/dt><\/dl><dl class='gallery-item'>\n\t\t\t<dt class='gallery-icon landscape'>\n\t\t\t\t<a href='https:\/\/biblioteka.czerniceborowe.pl\/wp-content\/uploads\/P1310862.jpg' rel=\"lightbox[2379]\"><img width=\"150\" height=\"150\" src=\"https:\/\/biblioteka.czerniceborowe.pl\/wp-content\/uploads\/P1310862-150x150.jpg\" class=\"attachment-thumbnail size-thumbnail\" alt=\"\" loading=\"lazy\" \/><\/a>\n\t\t\t<\/dt><\/dl><br style=\"clear: both\" \/><dl class='gallery-item'>\n\t\t\t<dt class='gallery-icon landscape'>\n\t\t\t\t<a href='https:\/\/biblioteka.czerniceborowe.pl\/wp-content\/uploads\/P1310866.jpg' rel=\"lightbox[2379]\"><img width=\"150\" height=\"150\" src=\"https:\/\/biblioteka.czerniceborowe.pl\/wp-content\/uploads\/P1310866-150x150.jpg\" class=\"attachment-thumbnail size-thumbnail\" alt=\"\" loading=\"lazy\" \/><\/a>\n\t\t\t<\/dt><\/dl><dl class='gallery-item'>\n\t\t\t<dt class='gallery-icon landscape'>\n\t\t\t\t<a href='https:\/\/biblioteka.czerniceborowe.pl\/wp-content\/uploads\/P1310867.jpg' rel=\"lightbox[2379]\"><img width=\"150\" height=\"150\" src=\"https:\/\/biblioteka.czerniceborowe.pl\/wp-content\/uploads\/P1310867-150x150.jpg\" class=\"attachment-thumbnail size-thumbnail\" alt=\"\" loading=\"lazy\" \/><\/a>\n\t\t\t<\/dt><\/dl><dl class='gallery-item'>\n\t\t\t<dt class='gallery-icon landscape'>\n\t\t\t\t<a href='https:\/\/biblioteka.czerniceborowe.pl\/wp-content\/uploads\/P1310890.jpg' rel=\"lightbox[2379]\"><img width=\"150\" height=\"150\" src=\"https:\/\/biblioteka.czerniceborowe.pl\/wp-content\/uploads\/P1310890-150x150.jpg\" class=\"attachment-thumbnail size-thumbnail\" alt=\"\" loading=\"lazy\" \/><\/a>\n\t\t\t<\/dt><\/dl><br style=\"clear: both\" \/><dl class='gallery-item'>\n\t\t\t<dt class='gallery-icon landscape'>\n\t\t\t\t<a href='https:\/\/biblioteka.czerniceborowe.pl\/wp-content\/uploads\/P1310895.jpg' rel=\"lightbox[2379]\"><img width=\"150\" height=\"150\" src=\"https:\/\/biblioteka.czerniceborowe.pl\/wp-content\/uploads\/P1310895-150x150.jpg\" class=\"attachment-thumbnail size-thumbnail\" alt=\"\" loading=\"lazy\" \/><\/a>\n\t\t\t<\/dt><\/dl><dl class='gallery-item'>\n\t\t\t<dt class='gallery-icon landscape'>\n\t\t\t\t<a href='https:\/\/biblioteka.czerniceborowe.pl\/wp-content\/uploads\/P1310902.jpg' rel=\"lightbox[2379]\"><img width=\"150\" height=\"150\" src=\"https:\/\/biblioteka.czerniceborowe.pl\/wp-content\/uploads\/P1310902-150x150.jpg\" class=\"attachment-thumbnail size-thumbnail\" alt=\"\" loading=\"lazy\" \/><\/a>\n\t\t\t<\/dt><\/dl><dl class='gallery-item'>\n\t\t\t<dt class='gallery-icon landscape'>\n\t\t\t\t<a href='https:\/\/biblioteka.czerniceborowe.pl\/wp-content\/uploads\/P1310907.jpg' rel=\"lightbox[2379]\"><img width=\"150\" height=\"150\" src=\"https:\/\/biblioteka.czerniceborowe.pl\/wp-content\/uploads\/P1310907-150x150.jpg\" class=\"attachment-thumbnail size-thumbnail\" alt=\"\" loading=\"lazy\" \/><\/a>\n\t\t\t<\/dt><\/dl><br style=\"clear: both\" \/><dl class='gallery-item'>\n\t\t\t<dt class='gallery-icon landscape'>\n\t\t\t\t<a href='https:\/\/biblioteka.czerniceborowe.pl\/wp-content\/uploads\/P1310908.jpg' rel=\"lightbox[2379]\"><img width=\"150\" height=\"150\" src=\"https:\/\/biblioteka.czerniceborowe.pl\/wp-content\/uploads\/P1310908-150x150.jpg\" class=\"attachment-thumbnail size-thumbnail\" alt=\"\" loading=\"lazy\" \/><\/a>\n\t\t\t<\/dt><\/dl><dl class='gallery-item'>\n\t\t\t<dt class='gallery-icon landscape'>\n\t\t\t\t<a href='https:\/\/biblioteka.czerniceborowe.pl\/wp-content\/uploads\/P1310910.jpg' rel=\"lightbox[2379]\"><img width=\"150\" height=\"150\" src=\"https:\/\/biblioteka.czerniceborowe.pl\/wp-content\/uploads\/P1310910-150x150.jpg\" class=\"attachment-thumbnail size-thumbnail\" alt=\"\" loading=\"lazy\" \/><\/a>\n\t\t\t<\/dt><\/dl><dl class='gallery-item'>\n\t\t\t<dt class='gallery-icon landscape'>\n\t\t\t\t<a href='https:\/\/biblioteka.czerniceborowe.pl\/wp-content\/uploads\/P1310912.jpg' rel=\"lightbox[2379]\"><img width=\"150\" height=\"150\" src=\"https:\/\/biblioteka.czerniceborowe.pl\/wp-content\/uploads\/P1310912-150x150.jpg\" class=\"attachment-thumbnail size-thumbnail\" alt=\"\" loading=\"lazy\" \/><\/a>\n\t\t\t<\/dt><\/dl><br style=\"clear: both\" \/>\n\t\t<\/div>\n\n","protected":false},"excerpt":{"rendered":"<p>8\u00a0wrze\u015bnia 2017 r. w Gminnej Bibliotece Publicznej w Czernicach Borowych odby\u0142o si\u0119 Narodowe Czytanie. Tegoroczna edycja po\u015bwi\u0119cona by\u0142a dzie\u0142u Wesele Stanis\u0142awa Wyspia\u0144skiego \u2013 poety, dramatopisarza, malarza, inscenizatora, jednego z najgenialniejszych polskich artyst\u00f3w. Wydarzenie mia\u0142o dla nas szczeg\u00f3lny wymiar. Po raz pierwszy Narodowe Czytanie zorganizowali\u015bmy wsp\u00f3lnie z Bibliotek\u0105 Szko\u0142y Podstawowej im. Janiny Sieklickiej w Czernicach Borowych. [&hellip;]<\/p>\n","protected":false},"author":2,"featured_media":0,"comment_status":"open","ping_status":"open","sticky":false,"template":"","format":"standard","meta":[],"categories":[1],"tags":[],"_links":{"self":[{"href":"https:\/\/biblioteka.czerniceborowe.pl\/index.php?rest_route=\/wp\/v2\/posts\/2379"}],"collection":[{"href":"https:\/\/biblioteka.czerniceborowe.pl\/index.php?rest_route=\/wp\/v2\/posts"}],"about":[{"href":"https:\/\/biblioteka.czerniceborowe.pl\/index.php?rest_route=\/wp\/v2\/types\/post"}],"author":[{"embeddable":true,"href":"https:\/\/biblioteka.czerniceborowe.pl\/index.php?rest_route=\/wp\/v2\/users\/2"}],"replies":[{"embeddable":true,"href":"https:\/\/biblioteka.czerniceborowe.pl\/index.php?rest_route=%2Fwp%2Fv2%2Fcomments&post=2379"}],"version-history":[{"count":10,"href":"https:\/\/biblioteka.czerniceborowe.pl\/index.php?rest_route=\/wp\/v2\/posts\/2379\/revisions"}],"predecessor-version":[{"id":2402,"href":"https:\/\/biblioteka.czerniceborowe.pl\/index.php?rest_route=\/wp\/v2\/posts\/2379\/revisions\/2402"}],"wp:attachment":[{"href":"https:\/\/biblioteka.czerniceborowe.pl\/index.php?rest_route=%2Fwp%2Fv2%2Fmedia&parent=2379"}],"wp:term":[{"taxonomy":"category","embeddable":true,"href":"https:\/\/biblioteka.czerniceborowe.pl\/index.php?rest_route=%2Fwp%2Fv2%2Fcategories&post=2379"},{"taxonomy":"post_tag","embeddable":true,"href":"https:\/\/biblioteka.czerniceborowe.pl\/index.php?rest_route=%2Fwp%2Fv2%2Ftags&post=2379"}],"curies":[{"name":"wp","href":"https:\/\/api.w.org\/{rel}","templated":true}]}}